{"id":29767,"date":"2025-04-14T13:48:33","date_gmt":"2025-04-14T11:48:33","guid":{"rendered":"https:\/\/ggm.gda.pl\/?p=29767"},"modified":"2025-07-05T12:32:34","modified_gmt":"2025-07-05T10:32:34","slug":"endless","status":"publish","type":"post","link":"https:\/\/ggm.gda.pl\/en\/29767\/endless\/","title":{"rendered":"Endless"},"content":{"rendered":"<div data-elementor-type=\"wp-post\" data-elementor-id=\"29767\" class=\"elementor elementor-29767\" data-elementor-post-type=\"post\">\n\t\t\t\t\t\t<section class=\"elementor-section elementor-top-section elementor-element elementor-element-6cc1055b elementor-section-boxed elementor-section-height-default elementor-section-height-default parallax_section_no qode_elementor_container_no qode-content-aligment-left\" data-id=\"6cc1055b\" data-element_type=\"section\" data-e-type=\"section\">\n\t\t\t\t\t\t<div class=\"elementor-container elementor-column-gap-default\">\n\t\t\t\t\t<div class=\"elementor-column elementor-col-100 elementor-top-column elementor-element elementor-element-18a64ee0\" data-id=\"18a64ee0\" data-element_type=\"column\" data-e-type=\"column\">\n\t\t\t<div class=\"elementor-widget-wrap elementor-element-populated\">\n\t\t\t\t\t\t<div class=\"elementor-element elementor-element-8374d7c elementor-widget elementor-widget-text-editor\" data-id=\"8374d7c\" data-element_type=\"widget\" data-e-type=\"widget\" data-widget_type=\"text-editor.default\">\n\t\t\t\t<div class=\"elementor-widget-container\">\n\t\t\t\t\t\t\t\t\t<p><span style=\"font-family: arial, helvetica, sans-serif; font-size: 12pt;\"><strong>Venue: <\/strong>G\u00fcnter Grass Gallery in Gda\u0144sk<\/span><\/p><p><span style=\"font-family: arial, helvetica, sans-serif; font-size: 12pt;\"><strong>Dates: <\/strong>April 25 \u2013 June 1, 2025<\/span><\/p><p><span style=\"font-family: arial, helvetica, sans-serif; font-size: 12pt;\"><strong>Opening:<\/strong> 25.04.2025, 19.00 \/ at 7 p.m.<br \/><\/span><\/p><p><span style=\"font-size: 12pt;\"><strong>Artist:<\/strong> Julita W\u00f3jcik<\/span><\/p><div class=\"elementor-element elementor-element-ec8ccec elementor-widget elementor-widget-text-editor\" data-id=\"ec8ccec\" data-element_type=\"widget\" data-widget_type=\"text-editor.default\"><div class=\"elementor-widget-container\"><div class=\"gmail_default\"><p lang=\"en-US\"><span style=\"font-size: 12pt;\"><strong>Exhibition opening hours:<\/strong> Tuesday-Sunday, 12.00 PM &#8211; 7.00 PM<\/span><\/p><p>Free admission!<\/p><\/div><\/div><\/div>\t\t\t\t\t\t\t\t<\/div>\n\t\t\t\t<\/div>\n\t\t\t\t<div class=\"elementor-element elementor-element-fc82f47 elementor-widget elementor-widget-text-editor\" data-id=\"fc82f47\" data-element_type=\"widget\" data-e-type=\"widget\" data-widget_type=\"text-editor.default\">\n\t\t\t\t<div class=\"elementor-widget-container\">\n\t\t\t\t\t\t\t\t\t<p>Our civilisation is built on an endless cycle of consuming, collecting and discarding. <em>Endless<\/em>, Julita W\u00f3jcik\u2019s new exhibition, is a story of excess \u2013 but also of reclamation, revival of traditional craft and collaboration. Departing from the conventions of a traditional exhibition, this project unfolds as a living presentation of collective activity. W\u00f3jcik will lead an unusual workshop and choreograph a performance in which participants themselves become part of the process: acting as the moving parts of a giant human loom.<\/p><p>\u00a0<\/p><p>Over the course of the exhibition, a \u201cliving manufacture\u201d will emerge, reviving the historical notion of collective, manual production of textiles. Etymologically, <em>manufacture<\/em> comes from the Latin <em>manus<\/em> (hand) and <em>factura<\/em> (making), pointing to the very essence of craftsmanship: the act of making by hand. Archaeological evidence suggests that that textile weaving dates back as far as 7000 BC. Over time, small handlooms gave way to factory machines. In W\u00f3jcik\u2019s project, the tradition of textile craft and human cooperation takes centre stage once more. A group of participants will become a functioning workshop, literally embodying the structure of a loom \u2013 some as warp, some as weft, and one solo performer darting there and back as the shuttle.<\/p><p>\u00a0<\/p><p>The materials used in this large-scale weaving will include long-forgotten bedsheets, faded curtains, worn tablecloths, offcuts from home dressmaking, and bolts of outdated Finnish camouflage. W\u00f3jcik offers these remnants a second life, proposing a form of creative recycling reminiscent of the rag rugs woven by our grandmothers. The resulting tapestry \u2013 a vibrant, abstract collage of colours and patterns \u2013 is also a weaving of memories, as most of the fabrics have been donated or inherited from parents, grandparents or friends. The final piece, a monumental carpet, is to become a fusion of these shared stories, where each contributor may recognise threads of their own past. This fleeting recycling of excessive possessions and inherited relics will be staged within Gda\u0144sk City Gallery.<\/p><p>\u00a0<\/p><p>W\u00f3jcik makes no promises that the collective creation will endure as a permanent exhibit. After the exhibition, it may undergo further transformation. However, as previous iterations of her work reveal, such pieces often find surprising afterlives. The first of these projects, created during a workshop accompanying the exhibition <em>The Splendour of Textiles<\/em> in 2013 at Warsaw\u2019s Zach\u0119ta &#8211; National Gallery of Art, ultimately entered the collection of the Central Museum of Textiles in \u0141\u00f3d\u017a. Another piece, a carpet made in 2019 during workshops in Br\u00e4kne-Hoby, Ronneby and S\u00f6lvesborg \u2013 towns in southern Sweden known for their enduring weaving traditions \u2013 found its home at the Region Blekinge Culture Department in Karlskrona. A third piece, created during the 2024 Br\u00e5djupa dance festival in Karlshamn, is on view at the Kulturcentrum Ronneby Konsthall.<\/p><p>\u00a0<\/p><p>At Gda\u0144sk City Gallery, <em>Endless<\/em> reaffirms a trademark element of W\u00f3jcik\u2019s artistic practice: a strong emphasis on shared labour. Much like her iconic 2001 performance <em>Peeling Potatoes<\/em> at the Zach\u0119ta &#8211; National Gallery of Art, this will not be a display of finished works. Instead, the exhibition will focus on a community and a shared act of creation. What is exhibited, ultimately, is the fleeting encounter of a group of people and their temporary collaboration.<\/p><p>\u00a0<\/p><p>Julita W\u00f3jcik graduated from the Faculty of Sculpture at the Academy of Fine Arts in Gda\u0144sk in 1997. Her diploma work was supervised by Professor Franciszek Dusze\u0144ko, who is commemorated nationally as one of the 2025 culture patrons in the year marking the centenary of his birth. Dusze\u0144ko developed his monumental works in situ with large teams of collaborators. He spent a year in Treblinka while creating the Memorial to the Victims of the Extermination Camp. This exhibition serves as a tribute to his legacy, as W\u00f3jcik will collaborate with a broad group of participants to create a single, vibrant object.<\/p><p>\u00a0<\/p>\t\t\t\t\t\t\t\t<\/div>\n\t\t\t\t<\/div>\n\t\t\t\t<div class=\"elementor-element elementor-element-7da138b elementor-widget-divider--view-line elementor-widget elementor-widget-divider\" data-id=\"7da138b\" data-element_type=\"widget\" data-e-type=\"widget\" data-widget_type=\"divider.default\">\n\t\t\t\t<div class=\"elementor-widget-container\">\n\t\t\t\t\t\t\t<div class=\"elementor-divider\">\n\t\t\t<span class=\"elementor-divider-separator\">\n\t\t\t\t\t\t<\/span>\n\t\t<\/div>\n\t\t\t\t\t\t<\/div>\n\t\t\t\t<\/div>\n\t\t\t\t<div class=\"elementor-element elementor-element-d35c8e7 elementor-widget elementor-widget-text-editor\" data-id=\"d35c8e7\" data-element_type=\"widget\" data-e-type=\"widget\" data-widget_type=\"text-editor.default\">\n\t\t\t\t<div class=\"elementor-widget-container\">\n\t\t\t\t\t\t\t\t\t<p><strong>Partner:<\/strong><\/p><p>Academy of Fine Arts in Gda\u0144sk<\/p><p>\u00a0<\/p><p><strong>Media partners:<\/strong><\/p><p>Magazyn Szum, NN6T, Tr\u00f3jmiasto.pl, Gda\u0144sk.pl, Presti\u017c Magazyn Tr\u00f3jmiejski, Radio Gda\u0144sk<\/p>\t\t\t\t\t\t\t\t<\/div>\n\t\t\t\t<\/div>\n\t\t\t\t\t<\/div>\n\t\t<\/div>\n\t\t\t\t\t<\/div>\n\t\t<\/section>\n\t\t\t\t<\/div>","protected":false},"excerpt":{"rendered":"<p>Venue: G\u00fcnter Grass Gallery in Gda\u0144sk Dates: April 25 \u2013 June 1, 2025 Opening: 25.04.2025, 19.00 \/ at 7 p.m. Artist: Julita W\u00f3jcik Exhibition opening hours: Tuesday-Sunday, 12.00 PM &#8211; 7.00 PM Free admission! Our civilisation is built on an endless cycle of consuming, collecting&#8230;<\/p>","protected":false},"author":2,"featured_media":29762,"comment_status":"closed","ping_status":"closed","sticky":false,"template":"","format":"standard","meta":{"_acf_changed":false,"inline_featured_image":false,"footnotes":"","_wp_rev_ctl_limit":""},"categories":[111],"tags":[97],"class_list":["post-29767","post","type-post","status-publish","format-standard","has-post-thumbnail","hentry","category-4g-en","tag-single-photo"],"acf":{"data_rozpoczecia":"20250425","data_zakonczenia":"20250601","miejsce":"4G"},"_links":{"self":[{"href":"https:\/\/ggm.gda.pl\/en\/wp-json\/wp\/v2\/posts\/29767","targetHints":{"allow":["GET"]}}],"collection":[{"href":"https:\/\/ggm.gda.pl\/en\/wp-json\/wp\/v2\/posts"}],"about":[{"href":"https:\/\/ggm.gda.pl\/en\/wp-json\/wp\/v2\/types\/post"}],"author":[{"embeddable":true,"href":"https:\/\/ggm.gda.pl\/en\/wp-json\/wp\/v2\/users\/2"}],"replies":[{"embeddable":true,"href":"https:\/\/ggm.gda.pl\/en\/wp-json\/wp\/v2\/comments?post=29767"}],"version-history":[{"count":5,"href":"https:\/\/ggm.gda.pl\/en\/wp-json\/wp\/v2\/posts\/29767\/revisions"}],"predecessor-version":[{"id":29788,"href":"https:\/\/ggm.gda.pl\/en\/wp-json\/wp\/v2\/posts\/29767\/revisions\/29788"}],"wp:featuredmedia":[{"embeddable":true,"href":"https:\/\/ggm.gda.pl\/en\/wp-json\/wp\/v2\/media\/29762"}],"wp:attachment":[{"href":"https:\/\/ggm.gda.pl\/en\/wp-json\/wp\/v2\/media?parent=29767"}],"wp:term":[{"taxonomy":"category","embeddable":true,"href":"https:\/\/ggm.gda.pl\/en\/wp-json\/wp\/v2\/categories?post=29767"},{"taxonomy":"post_tag","embeddable":true,"href":"https:\/\/ggm.gda.pl\/en\/wp-json\/wp\/v2\/tags?post=29767"}],"curies":[{"name":"wp","href":"https:\/\/api.w.org\/{rel}","templated":true}]}}